{"id":3689,"date":"2018-01-24T19:53:42","date_gmt":"2018-01-24T19:53:42","guid":{"rendered":"https:\/\/www.kvetinynaorechovce.cz\/?p=3689"},"modified":"2018-01-24T19:53:42","modified_gmt":"2018-01-24T19:53:42","slug":"nas-rok-2017","status":"publish","type":"post","link":"https:\/\/www.kvetinynaorechovce.cz\/en\/nas-rok-2017\/","title":{"rendered":"N\u00e1\u0161 rok 2017"},"content":{"rendered":"<p style=\"text-align: left\"><em>P\u00ed\u0161e se rok 2017 a Kino O\u0159echovka m\u00e1 za sebou \u00e9ru vzestup\u016f i p\u00e1d\u016f. Na prvn\u00ed pohled zd\u00e1 se b\u00fdt stejn\u00e9, n\u011bkter\u00e9 z v\u011bc\u00ed se p\u0159eci jen zm\u011bnily. P\u0159ekr\u00e1sn\u00e9 p\u0159edv\u00e1le\u010dn\u00e9 kino je uzav\u0159en\u00e9, a tak si m\u016f\u017eeme nechat pouze zd\u00e1t o filmu, p\u0159i kter\u00e9m na n\u00e1s d\u00fdchne ta spr\u00e1vn\u00e1 atmosf\u00e9ra.<\/em><br \/>\n<em>Najdeme zde n\u011bjak\u00e9 ty hosp\u016fdky, nebo malou dom\u00e1c\u00ed pek\u00e1rni\u010dku. Zkr\u00e1tka budova i d\u00e1le aspo\u0148 z \u010d\u00e1sti slou\u017e\u00ed sv\u00fdm \u00fa\u010del\u016fm. Pokud bychom se vydali na pr\u016fzkum budovy v\u0161imneme si obrovsk\u00e9 za\u0161l\u00e9 cedule &#8220;Kv\u011btiny&#8221;. M\u00e1lo kdo\u00a0ale v\u00ed, \u017ee pokud si zajdeme p\u00e1r krok\u016f za roh, najdeme zde kr\u00e1sn\u00fd ateli\u00e9r Flowerdesign studia, pod veden\u00edm Daniely Sedliske. A proto\u017ee se m\u00edsto za rohem stalo pro tak velk\u00fd brand, n\u00e1pady a z\u00e1zraky mal\u00e9, m\u016f\u017eete se od \u0159\u00edjna leto\u0161n\u00edho roku t\u011b\u0161it na zcela nov\u00e9 kv\u011btin\u00e1\u0159stv\u00ed, zbrusu novou ceduli, kter\u00e1 vyst\u0159\u00edd\u00e1 o\u0161unt\u011bl\u00e9 &#8220;Kv\u011btiny&#8221;. S nov\u00fdm n\u00e1dechem star\u00e9ho kouzla budeme spolu s Flowerdesignem budovat nov\u00fd kr\u00e1sn\u00fd styl kv\u011btin\u00e1\u0159stv\u00ed. A kdo v\u00ed t\u0159eba se \u010dasem do\u010dk\u00e1me i p\u016fvodn\u00ed filmov\u00e9 projekce.<\/em><\/p>\n","protected":false},"excerpt":{"rendered":"<p>P\u00ed\u0161e se rok 2017 a Kino O\u0159echovka m\u00e1 za sebou \u00e9ru vzestup\u016f i p\u00e1d\u016f. Na prvn\u00ed pohled zd\u00e1 se b\u00fdt stejn\u00e9, n\u011bkter\u00e9 z v\u011bc\u00ed se p\u0159eci jen zm\u011bnily. P\u0159ekr\u00e1sn\u00e9 p\u0159edv\u00e1le\u010dn\u00e9 kino je uzav\u0159en\u00e9, a tak si m\u016f\u017eeme nechat pouze zd\u00e1t o filmu, p\u0159i kter\u00e9m na n\u00e1s d\u00fdchne ta spr\u00e1vn\u00e1 atmosf\u00e9ra. Najdeme zde n\u011bjak\u00e9 ty hosp\u016fdky,<\/p>\n","protected":false},"author":2,"featured_media":0,"comment_status":"closed","ping_status":"closed","sticky":false,"template":"","format":"image","meta":{"footnotes":""},"categories":[1],"tags":[],"class_list":["post-3689","post","type-post","status-publish","format-image","hentry","category-uncategorized","post_format-post-format-image"],"_links":{"self":[{"href":"https:\/\/www.kvetinynaorechovce.cz\/en\/wp-json\/wp\/v2\/posts\/3689","targetHints":{"allow":["GET"]}}],"collection":[{"href":"https:\/\/www.kvetinynaorechovce.cz\/en\/wp-json\/wp\/v2\/posts"}],"about":[{"href":"https:\/\/www.kvetinynaorechovce.cz\/en\/wp-json\/wp\/v2\/types\/post"}],"author":[{"embeddable":true,"href":"https:\/\/www.kvetinynaorechovce.cz\/en\/wp-json\/wp\/v2\/users\/2"}],"replies":[{"embeddable":true,"href":"https:\/\/www.kvetinynaorechovce.cz\/en\/wp-json\/wp\/v2\/comments?post=3689"}],"version-history":[{"count":3,"href":"https:\/\/www.kvetinynaorechovce.cz\/en\/wp-json\/wp\/v2\/posts\/3689\/revisions"}],"predecessor-version":[{"id":3693,"href":"https:\/\/www.kvetinynaorechovce.cz\/en\/wp-json\/wp\/v2\/posts\/3689\/revisions\/3693"}],"wp:attachment":[{"href":"https:\/\/www.kvetinynaorechovce.cz\/en\/wp-json\/wp\/v2\/media?parent=3689"}],"wp:term":[{"taxonomy":"category","embeddable":true,"href":"https:\/\/www.kvetinynaorechovce.cz\/en\/wp-json\/wp\/v2\/categories?post=3689"},{"taxonomy":"post_tag","embeddable":true,"href":"https:\/\/www.kvetinynaorechovce.cz\/en\/wp-json\/wp\/v2\/tags?post=3689"}],"curies":[{"name":"wp","href":"https:\/\/api.w.org\/{rel}","templated":true}]}}